{"id":2431,"date":"2025-08-06T09:13:55","date_gmt":"2025-08-06T09:13:55","guid":{"rendered":"https:\/\/ifconseil.com\/?p=2431"},"modified":"2025-08-06T09:23:37","modified_gmt":"2025-08-06T09:23:37","slug":"individual-development","status":"publish","type":"post","link":"https:\/\/ifconseil.com\/en\/individual-development\/","title":{"rendered":"The Individual Development Plan: Build your path to professional excellence!"},"content":{"rendered":"<div data-elementor-type=\"wp-post\" data-elementor-id=\"2431\" class=\"elementor elementor-2431\" data-elementor-post-type=\"post\">\n\t\t\t\t\t\t<section class=\"elementor-section elementor-top-section elementor-element elementor-element-7607b03a elementor-section-boxed elementor-section-height-default elementor-section-height-default\" data-id=\"7607b03a\" data-element_type=\"section\" data-e-type=\"section\">\n\t\t\t\t\t\t<div class=\"elementor-container elementor-column-gap-default\">\n\t\t\t\t\t<div class=\"elementor-column elementor-col-100 elementor-top-column elementor-element elementor-element-10965ffb\" data-id=\"10965ffb\" data-element_type=\"column\" data-e-type=\"column\">\n\t\t\t<div class=\"elementor-widget-wrap elementor-element-populated\">\n\t\t\t\t\t\t<div class=\"elementor-element elementor-element-6f9173f elementor-widget elementor-widget-breadcrumbs\" data-id=\"6f9173f\" data-element_type=\"widget\" data-e-type=\"widget\" data-widget_type=\"breadcrumbs.default\">\n\t\t\t\t<div class=\"elementor-widget-container\">\n\t\t\t\t\t<p id=\"breadcrumbs\"><span><span><a href=\"https:\/\/ifconseil.com\/en\">Home<\/a><\/span><\/span><\/p>\t\t\t\t<\/div>\n\t\t\t\t<\/div>\n\t\t\t\t<div class=\"elementor-element elementor-element-4c271fa5 elementor-widget elementor-widget-heading\" data-id=\"4c271fa5\" data-element_type=\"widget\" data-e-type=\"widget\" data-widget_type=\"heading.default\">\n\t\t\t\t<div class=\"elementor-widget-container\">\n\t\t\t\t\t<h1 class=\"elementor-heading-title elementor-size-default\">The Individual Development Plan: Build your path to professional excellence!\n\n<\/h1>\t\t\t\t<\/div>\n\t\t\t\t<\/div>\n\t\t\t\t<div class=\"elementor-element elementor-element-612cca8 elementor-widget elementor-widget-image\" data-id=\"612cca8\" data-element_type=\"widget\" data-e-type=\"widget\" data-widget_type=\"image.default\">\n\t\t\t\t<div class=\"elementor-widget-container\">\n\t\t\t\t\t\t\t\t\t\t\t\t\t\t\t<img fetchpriority=\"high\" decoding=\"async\" width=\"800\" height=\"800\" src=\"https:\/\/ifconseil.com\/wp-content\/uploads\/2025\/08\/carte-routiere-PDI.png\" class=\"attachment-large size-large wp-image-2432\" alt=\"PDI road map\" srcset=\"https:\/\/ifconseil.com\/wp-content\/uploads\/2025\/08\/carte-routiere-PDI.png 960w, https:\/\/ifconseil.com\/wp-content\/uploads\/2025\/08\/carte-routiere-PDI-300x300.png 300w, https:\/\/ifconseil.com\/wp-content\/uploads\/2025\/08\/carte-routiere-PDI-150x150.png 150w, https:\/\/ifconseil.com\/wp-content\/uploads\/2025\/08\/carte-routiere-PDI-768x768.png 768w, https:\/\/ifconseil.com\/wp-content\/uploads\/2025\/08\/carte-routiere-PDI-12x12.png 12w\" sizes=\"(max-width: 800px) 100vw, 800px\" \/>\t\t\t\t\t\t\t\t\t\t\t\t\t\t\t<\/div>\n\t\t\t\t<\/div>\n\t\t\t\t<div class=\"elementor-element elementor-element-38f0948c elementor-widget elementor-widget-text-editor\" data-id=\"38f0948c\" data-element_type=\"widget\" data-e-type=\"widget\" data-widget_type=\"text-editor.default\">\n\t\t\t\t<div class=\"elementor-widget-container\">\n\t\t\t\t\t\t\t\t\t<p>\u00a0<\/p>\n<p><span style=\"font-weight: 400;\">Progressing in your career without direction is a bit like navigating without a compass.\u00a0<\/span><\/p>\n<p><span style=\"font-weight: 400;\">To move forward with clarity, the\u00a0<\/span><b>Individual Development Plan (IDP)<\/b><span style=\"font-weight: 400;\">\u00a0is an invaluable tool. A real roadmap, it guides you step by step towards your professional goals, aligning your personal aspirations with the needs of the company.<\/span><\/p>\n<p>\u00a0<\/p>\n<p><span style=\"font-weight: 400;\">\" <\/span><i><span style=\"font-weight: 400;\">The best way to predict the future is to create it<\/span><\/i><span style=\"font-weight: 400;\">. \"  This quote from Peter Drucker reminds us that taking charge of one's professional development means shaping one's own future.<\/span><\/p>\t\t\t\t\t\t\t\t<\/div>\n\t\t\t\t<\/div>\n\t\t\t\t<div class=\"elementor-element elementor-element-dd88b51 elementor-widget elementor-widget-heading\" data-id=\"dd88b51\" data-element_type=\"widget\" data-e-type=\"widget\" data-widget_type=\"heading.default\">\n\t\t\t\t<div class=\"elementor-widget-container\">\n\t\t\t\t\t<h2 class=\"elementor-heading-title elementor-size-default\">What is an Individual Development Plan?\n<\/h2>\t\t\t\t<\/div>\n\t\t\t\t<\/div>\n\t\t\t\t<div class=\"elementor-element elementor-element-272f117 elementor-widget elementor-widget-text-editor\" data-id=\"272f117\" data-element_type=\"widget\" data-e-type=\"widget\" data-widget_type=\"text-editor.default\">\n\t\t\t\t<div class=\"elementor-widget-container\">\n\t\t\t\t\t\t\t\t\t<p><span style=\"font-weight: 400;\">The PDI is a structured document that allows you to :<\/span><\/p><ul><li style=\"font-weight: 400;\" aria-level=\"1\"><span style=\"font-weight: 400;\">Define your career goals,<\/span><\/li><li style=\"font-weight: 400;\" aria-level=\"1\"><span style=\"font-weight: 400;\">Identify skills to be acquired or reinforced,<\/span><\/li><li style=\"font-weight: 400;\" aria-level=\"1\"><span style=\"font-weight: 400;\">Plan the actions needed to achieve this.<\/span><\/li><\/ul><p><span style=\"font-weight: 400;\">Ideally, it is built in collaboration with your manager or the <a href=\"https:\/\/ifconseil.com\/en\/hr-and-training-consulting\/hr-consulting\/\">RH<\/a> to ensure consistency between your ambitions and the company's priorities.<\/span><\/p><p><span style=\"font-weight: 400;\">Why is the IDP important?<\/span><\/p><ul><li style=\"font-weight: 400;\" aria-level=\"1\"><span style=\"font-weight: 400;\">Giving clear direction\u00a0<\/span><\/li><li style=\"font-weight: 400;\" aria-level=\"1\"><span style=\"font-weight: 400;\">Align ambitions with corporate strategy\u00a0<\/span><\/li><li style=\"font-weight: 400;\" aria-level=\"1\"><span style=\"font-weight: 400;\">Stimulating continuous learning\u00a0<\/span><\/li><li style=\"font-weight: 400;\" aria-level=\"1\"><span style=\"font-weight: 400;\">Strengthening commitment\u00a0<\/span><\/li><li style=\"font-weight: 400;\" aria-level=\"1\"><span style=\"font-weight: 400;\">Anticipating opportunities\u00a0<\/span><\/li><\/ul>\t\t\t\t\t\t\t\t<\/div>\n\t\t\t\t<\/div>\n\t\t\t\t<div class=\"elementor-element elementor-element-a5ae2cc elementor-widget elementor-widget-heading\" data-id=\"a5ae2cc\" data-element_type=\"widget\" data-e-type=\"widget\" data-widget_type=\"heading.default\">\n\t\t\t\t<div class=\"elementor-widget-container\">\n\t\t\t\t\t<h2 class=\"elementor-heading-title elementor-size-default\">How to build your Individual Development Plan?\n<\/h2>\t\t\t\t<\/div>\n\t\t\t\t<\/div>\n\t\t\t\t<div class=\"elementor-element elementor-element-9f7672d elementor-widget elementor-widget-text-editor\" data-id=\"9f7672d\" data-element_type=\"widget\" data-e-type=\"widget\" data-widget_type=\"text-editor.default\">\n\t\t\t\t<div class=\"elementor-widget-container\">\n\t\t\t\t\t\t\t\t\t<h3><b>1\/ Taking stock of yourself<\/b><\/h3><ul><li style=\"font-weight: 400;\" aria-level=\"1\"><span style=\"font-weight: 400;\">Analyze your current skills, strengths and successes.<\/span><\/li><li style=\"font-weight: 400;\" aria-level=\"1\"><span style=\"font-weight: 400;\">Clarify your short-, medium- and long-term objectives.<\/span><\/li><li style=\"font-weight: 400;\" aria-level=\"1\"><span style=\"font-weight: 400;\">Identify your values and motivations, what really matters to you at work.<\/span><\/li><\/ul><h3><b>2\/ Define your career aspirations<\/b><\/h3><p><span style=\"font-weight: 400;\">Take the time to clarify what you really want for your professional future.\u00a0<\/span><\/p><p><span style=\"font-weight: 400;\">These aspirations may concern :<\/span><\/p><ul><li style=\"font-weight: 400;\" aria-level=\"1\"><span style=\"font-weight: 400;\">The type of assignments you'd like to carry out (management, expertise, cross-functional projects).<\/span><\/li><li style=\"font-weight: 400;\" aria-level=\"1\"><span style=\"font-weight: 400;\">The role or level of responsibility you are aiming for in the short, medium or long term.<\/span><\/li><li style=\"font-weight: 400;\" aria-level=\"1\"><span style=\"font-weight: 400;\">The impact you want to have in your working environment.<\/span><\/li><li style=\"font-weight: 400;\" aria-level=\"1\"><span style=\"font-weight: 400;\">The working conditions and values that are important to you.<\/span><\/li><\/ul><p><span style=\"font-weight: 400;\">These aspirations will serve as a compass to guide your choices and prioritize your development actions. They will also enable you to communicate more effectively with your manager about what motivates you and the possible directions in your career path.<\/span><\/p><h3><b>3\/ Identifying skills gaps<\/b><\/h3><p><span style=\"font-weight: 400;\">Compare<a href=\"https:\/\/ifconseil.com\/en\/career-skills-assessment\/\"> skills required<\/a> so that your aspirations become a reality, to those you already master and prioritize those to be developed first.<\/span><\/p><h3><b>4\/ Draw up a concrete action plan<\/b><\/h3><ul><li style=\"font-weight: 400;\" aria-level=\"1\"><span style=\"font-weight: 400;\">Define\u00a0<\/span><b>the necessary steps<\/b><span style=\"font-weight: 400;\">\u00a0to bridge your skills gap.<\/span><\/li><li style=\"font-weight: 400;\" aria-level=\"1\"><span style=\"font-weight: 400;\">Identify\u00a0<\/span><b>resources<\/b><span style=\"font-weight: 400;\">\u00a0training, mentoring, specific missions.<\/span><\/li><li style=\"font-weight: 400;\" aria-level=\"1\"><span style=\"font-weight: 400;\">Create a\u00a0<\/span><b>realistic timetable<\/b><span style=\"font-weight: 400;\">\u00a0to structure your actions.<\/span><\/li><\/ul><h3><b>5\/ Share and validate with your manager<\/b><\/h3><p><span style=\"font-weight: 400;\">Present your plan to get feedback and ensure alignment with your team's and company's objectives.<\/span><\/p><h3><b>6\/ Implement and adjust<\/b><\/h3><ul><li style=\"font-weight: 400;\" aria-level=\"1\"><span style=\"font-weight: 400;\">Take action by following your steps.<\/span><\/li><li style=\"font-weight: 400;\" aria-level=\"1\"><span style=\"font-weight: 400;\">Plan your\u00a0<\/span><b>regular updates<\/b><span style=\"font-weight: 400;\">\u00a0to assess your progress.<\/span><\/li><li style=\"font-weight: 400;\" aria-level=\"1\"><span style=\"font-weight: 400;\">Remain flexible if your priorities change.<\/span><\/li><\/ul>\t\t\t\t\t\t\t\t<\/div>\n\t\t\t\t<\/div>\n\t\t\t\t<div class=\"elementor-element elementor-element-280bed6 elementor-widget elementor-widget-heading\" data-id=\"280bed6\" data-element_type=\"widget\" data-e-type=\"widget\" data-widget_type=\"heading.default\">\n\t\t\t\t<div class=\"elementor-widget-container\">\n\t\t\t\t\t<h2 class=\"elementor-heading-title elementor-size-default\">The role of coaching in your IDP\n\n<\/h2>\t\t\t\t<\/div>\n\t\t\t\t<\/div>\n\t\t\t\t<div class=\"elementor-element elementor-element-bf18a55 elementor-widget elementor-widget-text-editor\" data-id=\"bf18a55\" data-element_type=\"widget\" data-e-type=\"widget\" data-widget_type=\"text-editor.default\">\n\t\t\t\t<div class=\"elementor-widget-container\">\n\t\t\t\t\t\t\t\t\t<p><span style=\"font-weight: 400;\">Professional coaching can facilitate the success of your IDP by :<\/span><\/p><ul><li style=\"font-weight: 400;\" aria-level=\"1\"><span style=\"font-weight: 400;\">Helping you clarify your values and aspirations,<\/span><\/li><li style=\"font-weight: 400;\" aria-level=\"1\"><span style=\"font-weight: 400;\">Helping you identify the key skills you need to develop,<\/span><\/li><li style=\"font-weight: 400;\" aria-level=\"1\"><span style=\"font-weight: 400;\">Offering you personalized support,<\/span><\/li><li style=\"font-weight: 400;\" aria-level=\"1\"><span style=\"font-weight: 400;\">Giving you constructive feedback to help you progress.<\/span><\/li><\/ul><p><b>Conclusion<\/b><\/p><p><span style=\"font-weight: 400;\">Building your Individual Development Plan means taking back control of your career and moving towards your ambitions with confidence. As Peter Drucker said,\u00a0<\/span><i><span style=\"font-weight: 400;\">by creating your future, you become the architect of your own success<\/span><\/i><span style=\"font-weight: 400;\">.<\/span><\/p><p><span style=\"font-weight: 400;\">And you,\u00a0<\/span><b>What first step can you take today to move forward with your IDP?<\/b><\/p><p><span style=\"font-weight: 400;\">If you would like support in building or monitoring your PDI,<a href=\"https:\/\/ifconseil.com\/en\/contact-us\/\">\u00a0<\/a><\/span><b>contact If, Conseil &amp; Coaching.<\/b><\/p><p><span style=\"font-weight: 400;\">We'll be delighted to help you move forward on your career path, in line with who you are and your ambitions.<\/span><\/p>\t\t\t\t\t\t\t\t<\/div>\n\t\t\t\t<\/div>\n\t\t\t\t<div class=\"elementor-element elementor-element-5f79375 elementor-align-justify elementor-widget elementor-widget-button\" data-id=\"5f79375\" data-element_type=\"widget\" data-e-type=\"widget\" data-widget_type=\"button.default\">\n\t\t\t\t<div class=\"elementor-widget-container\">\n\t\t\t\t\t\t\t\t\t<div class=\"elementor-button-wrapper\">\n\t\t\t\t\t<a class=\"elementor-button elementor-button-link elementor-size-sm\" href=\"https:\/\/ifconseil.com\/en\/contact-us\/\">\n\t\t\t\t\t\t<span class=\"elementor-button-content-wrapper\">\n\t\t\t\t\t\t\t\t\t<span class=\"elementor-button-text\">Contact us <\/span>\n\t\t\t\t\t<\/span>\n\t\t\t\t\t<\/a>\n\t\t\t\t<\/div>\n\t\t\t\t\t\t\t\t<\/div>\n\t\t\t\t<\/div>\n\t\t\t\t\t<\/div>\n\t\t<\/div>\n\t\t\t\t\t<\/div>\n\t\t<\/section>\n\t\t\t\t<\/div>","protected":false},"excerpt":{"rendered":"<p>Le Plan de D\u00e9veloppement Individuel : Construisez votre chemin vers l&rsquo;excellence professionnelle ! \u00a0 \u00c9voluer dans sa carri\u00e8re sans direction, c\u2019est un peu comme naviguer sans boussole.\u00a0 Pour avancer avec clart\u00e9, le\u00a0Plan de D\u00e9veloppement Individuel (PDI)\u00a0est un outil pr\u00e9cieux. V\u00e9ritable feuille de route, il vous guide \u00e9tape par \u00e9tape vers vos objectifs professionnels, en alignant [&hellip;]<\/p>\n","protected":false},"author":1,"featured_media":2432,"comment_status":"closed","ping_status":"open","sticky":false,"template":"","format":"standard","meta":{"footnotes":""},"categories":[7],"tags":[],"class_list":["post-2431","post","type-post","status-publish","format-standard","has-post-thumbnail","hentry","category-coaching-professionnel"],"yoast_head":"<!-- This site is optimized with the Yoast SEO plugin v27.0 - https:\/\/yoast.com\/product\/yoast-seo-wordpress\/ -->\n<title>Le Plan de D\u00e9veloppement Individuel<\/title>\n<meta name=\"description\" content=\"Le Plan de D\u00e9veloppement Individuel (PDI) est un outil pr\u00e9cieux. V\u00e9ritable feuille de route, il vous guide \u00e9tape par \u00e9tape vers vos objectifs\" \/>\n<meta name=\"robots\" content=\"index, follow, max-snippet:-1, max-image-preview:large, max-video-preview:-1\" \/>\n<link rel=\"canonical\" href=\"https:\/\/ifconseil.com\/en\/individual-development\/\" \/>\n<meta property=\"og:locale\" content=\"en_US\" \/>\n<meta property=\"og:type\" content=\"article\" \/>\n<meta property=\"og:title\" content=\"Le Plan de D\u00e9veloppement Individuel\" \/>\n<meta property=\"og:description\" content=\"Le Plan de D\u00e9veloppement Individuel (PDI) est un outil pr\u00e9cieux. V\u00e9ritable feuille de route, il vous guide \u00e9tape par \u00e9tape vers vos objectifs\" \/>\n<meta property=\"og:url\" content=\"https:\/\/ifconseil.com\/en\/individual-development\/\" \/>\n<meta property=\"og:site_name\" content=\"If, Cabinet de Coaching et Conseil en ressources humaines\" \/>\n<meta property=\"article:published_time\" content=\"2025-08-06T09:13:55+00:00\" \/>\n<meta property=\"article:modified_time\" content=\"2025-08-06T09:23:37+00:00\" \/>\n<meta property=\"og:image\" content=\"https:\/\/ifconseil.com\/wp-content\/uploads\/2025\/08\/carte-routiere-PDI.png\" \/>\n\t<meta property=\"og:image:width\" content=\"960\" \/>\n\t<meta property=\"og:image:height\" content=\"960\" \/>\n\t<meta property=\"og:image:type\" content=\"image\/png\" \/>\n<meta name=\"author\" content=\"ifconseil\" \/>\n<meta name=\"twitter:card\" content=\"summary_large_image\" \/>\n<meta name=\"twitter:label1\" content=\"Written by\" \/>\n\t<meta name=\"twitter:data1\" content=\"ifconseil\" \/>\n\t<meta name=\"twitter:label2\" content=\"Est. reading time\" \/>\n\t<meta name=\"twitter:data2\" content=\"4 minutes\" \/>\n<script type=\"application\/ld+json\" class=\"yoast-schema-graph\">{\"@context\":\"https:\/\/schema.org\",\"@graph\":[{\"@type\":\"Article\",\"@id\":\"https:\/\/ifconseil.com\/veloppement-individuel\/#article\",\"isPartOf\":{\"@id\":\"https:\/\/ifconseil.com\/veloppement-individuel\/\"},\"author\":{\"name\":\"ifconseil\",\"@id\":\"https:\/\/ifconseil.com\/#\/schema\/person\/33edf149852e9c4e0b9412975446826f\"},\"headline\":\"Le Plan de D\u00e9veloppement Individuel : Construisez votre chemin vers l&rsquo;excellence professionnelle\u00a0!\",\"datePublished\":\"2025-08-06T09:13:55+00:00\",\"dateModified\":\"2025-08-06T09:23:37+00:00\",\"mainEntityOfPage\":{\"@id\":\"https:\/\/ifconseil.com\/veloppement-individuel\/\"},\"wordCount\":654,\"publisher\":{\"@id\":\"https:\/\/ifconseil.com\/#organization\"},\"image\":{\"@id\":\"https:\/\/ifconseil.com\/veloppement-individuel\/#primaryimage\"},\"thumbnailUrl\":\"https:\/\/ifconseil.com\/wp-content\/uploads\/2025\/08\/carte-routiere-PDI.png\",\"articleSection\":[\"Coaching Professionnel\"],\"inLanguage\":\"en-US\"},{\"@type\":\"WebPage\",\"@id\":\"https:\/\/ifconseil.com\/veloppement-individuel\/\",\"url\":\"https:\/\/ifconseil.com\/veloppement-individuel\/\",\"name\":\"Le Plan de D\u00e9veloppement Individuel\",\"isPartOf\":{\"@id\":\"https:\/\/ifconseil.com\/#website\"},\"primaryImageOfPage\":{\"@id\":\"https:\/\/ifconseil.com\/veloppement-individuel\/#primaryimage\"},\"image\":{\"@id\":\"https:\/\/ifconseil.com\/veloppement-individuel\/#primaryimage\"},\"thumbnailUrl\":\"https:\/\/ifconseil.com\/wp-content\/uploads\/2025\/08\/carte-routiere-PDI.png\",\"datePublished\":\"2025-08-06T09:13:55+00:00\",\"dateModified\":\"2025-08-06T09:23:37+00:00\",\"description\":\"Le Plan de D\u00e9veloppement Individuel (PDI) est un outil pr\u00e9cieux. V\u00e9ritable feuille de route, il vous guide \u00e9tape par \u00e9tape vers vos objectifs\",\"breadcrumb\":{\"@id\":\"https:\/\/ifconseil.com\/veloppement-individuel\/#breadcrumb\"},\"inLanguage\":\"en-US\",\"potentialAction\":[{\"@type\":\"ReadAction\",\"target\":[\"https:\/\/ifconseil.com\/veloppement-individuel\/\"]}]},{\"@type\":\"ImageObject\",\"inLanguage\":\"en-US\",\"@id\":\"https:\/\/ifconseil.com\/veloppement-individuel\/#primaryimage\",\"url\":\"https:\/\/ifconseil.com\/wp-content\/uploads\/2025\/08\/carte-routiere-PDI.png\",\"contentUrl\":\"https:\/\/ifconseil.com\/wp-content\/uploads\/2025\/08\/carte-routiere-PDI.png\",\"width\":960,\"height\":960,\"caption\":\"carte routiere PDI\"},{\"@type\":\"BreadcrumbList\",\"@id\":\"https:\/\/ifconseil.com\/veloppement-individuel\/#breadcrumb\",\"itemListElement\":[{\"@type\":\"ListItem\",\"position\":1,\"name\":\"Accueil\",\"item\":\"https:\/\/ifconseil.com\/\"},{\"@type\":\"ListItem\",\"position\":2,\"name\":\"Le Plan de D\u00e9veloppement Individuel : Construisez votre chemin vers l&rsquo;excellence professionnelle\u00a0!\"}]},{\"@type\":\"WebSite\",\"@id\":\"https:\/\/ifconseil.com\/#website\",\"url\":\"https:\/\/ifconseil.com\/\",\"name\":\"If, Cabinet de Coaching et Conseil en ressources humaines\",\"description\":\"If, Cabinet de Coaching et Conseil en ressources humaines\",\"publisher\":{\"@id\":\"https:\/\/ifconseil.com\/#organization\"},\"potentialAction\":[{\"@type\":\"SearchAction\",\"target\":{\"@type\":\"EntryPoint\",\"urlTemplate\":\"https:\/\/ifconseil.com\/?s={search_term_string}\"},\"query-input\":{\"@type\":\"PropertyValueSpecification\",\"valueRequired\":true,\"valueName\":\"search_term_string\"}}],\"inLanguage\":\"en-US\"},{\"@type\":\"Organization\",\"@id\":\"https:\/\/ifconseil.com\/#organization\",\"name\":\"If, Cabinet de Coaching et Conseil en ressources humaines\",\"url\":\"https:\/\/ifconseil.com\/\",\"logo\":{\"@type\":\"ImageObject\",\"inLanguage\":\"en-US\",\"@id\":\"https:\/\/ifconseil.com\/#\/schema\/logo\/image\/\",\"url\":\"https:\/\/ifconseil.com\/wp-content\/uploads\/2023\/04\/logo-IF-color_BD_50-v4.png\",\"contentUrl\":\"https:\/\/ifconseil.com\/wp-content\/uploads\/2023\/04\/logo-IF-color_BD_50-v4.png\",\"width\":816,\"height\":809,\"caption\":\"If, Cabinet de Coaching et Conseil en ressources humaines\"},\"image\":{\"@id\":\"https:\/\/ifconseil.com\/#\/schema\/logo\/image\/\"}},{\"@type\":\"Person\",\"@id\":\"https:\/\/ifconseil.com\/#\/schema\/person\/33edf149852e9c4e0b9412975446826f\",\"name\":\"ifconseil\",\"image\":{\"@type\":\"ImageObject\",\"inLanguage\":\"en-US\",\"@id\":\"https:\/\/ifconseil.com\/#\/schema\/person\/image\/\",\"url\":\"https:\/\/secure.gravatar.com\/avatar\/8c0f5dbccac6c3d4350dae3fbdcc5adc04e9bdfc09973ca0076715390599fc11?s=96&d=mm&r=g\",\"contentUrl\":\"https:\/\/secure.gravatar.com\/avatar\/8c0f5dbccac6c3d4350dae3fbdcc5adc04e9bdfc09973ca0076715390599fc11?s=96&d=mm&r=g\",\"caption\":\"ifconseil\"},\"sameAs\":[\"https:\/\/ifconseil.com\"],\"url\":\"https:\/\/ifconseil.com\/en\/author\/admin\/\"}]}<\/script>\n<!-- \/ Yoast SEO plugin. -->","yoast_head_json":{"title":"The Individual Development Plan","description":"The Individual Development Plan (IDP) is an invaluable tool. A real roadmap, it guides you step by step towards your goals.","robots":{"index":"index","follow":"follow","max-snippet":"max-snippet:-1","max-image-preview":"max-image-preview:large","max-video-preview":"max-video-preview:-1"},"canonical":"https:\/\/ifconseil.com\/en\/individual-development\/","og_locale":"en_US","og_type":"article","og_title":"Le Plan de D\u00e9veloppement Individuel","og_description":"Le Plan de D\u00e9veloppement Individuel (PDI) est un outil pr\u00e9cieux. V\u00e9ritable feuille de route, il vous guide \u00e9tape par \u00e9tape vers vos objectifs","og_url":"https:\/\/ifconseil.com\/en\/individual-development\/","og_site_name":"If, Cabinet de Coaching et Conseil en ressources humaines","article_published_time":"2025-08-06T09:13:55+00:00","article_modified_time":"2025-08-06T09:23:37+00:00","og_image":[{"width":960,"height":960,"url":"https:\/\/ifconseil.com\/wp-content\/uploads\/2025\/08\/carte-routiere-PDI.png","type":"image\/png"}],"author":"ifconseil","twitter_card":"summary_large_image","twitter_misc":{"Written by":"ifconseil","Est. reading time":"4 minutes"},"schema":{"@context":"https:\/\/schema.org","@graph":[{"@type":"Article","@id":"https:\/\/ifconseil.com\/veloppement-individuel\/#article","isPartOf":{"@id":"https:\/\/ifconseil.com\/veloppement-individuel\/"},"author":{"name":"ifconseil","@id":"https:\/\/ifconseil.com\/#\/schema\/person\/33edf149852e9c4e0b9412975446826f"},"headline":"Le Plan de D\u00e9veloppement Individuel : Construisez votre chemin vers l&rsquo;excellence professionnelle\u00a0!","datePublished":"2025-08-06T09:13:55+00:00","dateModified":"2025-08-06T09:23:37+00:00","mainEntityOfPage":{"@id":"https:\/\/ifconseil.com\/veloppement-individuel\/"},"wordCount":654,"publisher":{"@id":"https:\/\/ifconseil.com\/#organization"},"image":{"@id":"https:\/\/ifconseil.com\/veloppement-individuel\/#primaryimage"},"thumbnailUrl":"https:\/\/ifconseil.com\/wp-content\/uploads\/2025\/08\/carte-routiere-PDI.png","articleSection":["Coaching Professionnel"],"inLanguage":"en-US"},{"@type":"WebPage","@id":"https:\/\/ifconseil.com\/veloppement-individuel\/","url":"https:\/\/ifconseil.com\/veloppement-individuel\/","name":"The Individual Development Plan","isPartOf":{"@id":"https:\/\/ifconseil.com\/#website"},"primaryImageOfPage":{"@id":"https:\/\/ifconseil.com\/veloppement-individuel\/#primaryimage"},"image":{"@id":"https:\/\/ifconseil.com\/veloppement-individuel\/#primaryimage"},"thumbnailUrl":"https:\/\/ifconseil.com\/wp-content\/uploads\/2025\/08\/carte-routiere-PDI.png","datePublished":"2025-08-06T09:13:55+00:00","dateModified":"2025-08-06T09:23:37+00:00","description":"The Individual Development Plan (IDP) is an invaluable tool. A real roadmap, it guides you step by step towards your goals.","breadcrumb":{"@id":"https:\/\/ifconseil.com\/veloppement-individuel\/#breadcrumb"},"inLanguage":"en-US","potentialAction":[{"@type":"ReadAction","target":["https:\/\/ifconseil.com\/veloppement-individuel\/"]}]},{"@type":"ImageObject","inLanguage":"en-US","@id":"https:\/\/ifconseil.com\/veloppement-individuel\/#primaryimage","url":"https:\/\/ifconseil.com\/wp-content\/uploads\/2025\/08\/carte-routiere-PDI.png","contentUrl":"https:\/\/ifconseil.com\/wp-content\/uploads\/2025\/08\/carte-routiere-PDI.png","width":960,"height":960,"caption":"carte routiere PDI"},{"@type":"BreadcrumbList","@id":"https:\/\/ifconseil.com\/veloppement-individuel\/#breadcrumb","itemListElement":[{"@type":"ListItem","position":1,"name":"Accueil","item":"https:\/\/ifconseil.com\/"},{"@type":"ListItem","position":2,"name":"Le Plan de D\u00e9veloppement Individuel : Construisez votre chemin vers l&rsquo;excellence professionnelle\u00a0!"}]},{"@type":"WebSite","@id":"https:\/\/ifconseil.com\/#website","url":"https:\/\/ifconseil.com\/","name":"If, Coaching and Human Resources Consultancy","description":"If, Coaching and Human Resources Consultancy","publisher":{"@id":"https:\/\/ifconseil.com\/#organization"},"potentialAction":[{"@type":"SearchAction","target":{"@type":"EntryPoint","urlTemplate":"https:\/\/ifconseil.com\/?s={search_term_string}"},"query-input":{"@type":"PropertyValueSpecification","valueRequired":true,"valueName":"search_term_string"}}],"inLanguage":"en-US"},{"@type":"Organization","@id":"https:\/\/ifconseil.com\/#organization","name":"If, Coaching and Human Resources Consultancy","url":"https:\/\/ifconseil.com\/","logo":{"@type":"ImageObject","inLanguage":"en-US","@id":"https:\/\/ifconseil.com\/#\/schema\/logo\/image\/","url":"https:\/\/ifconseil.com\/wp-content\/uploads\/2023\/04\/logo-IF-color_BD_50-v4.png","contentUrl":"https:\/\/ifconseil.com\/wp-content\/uploads\/2023\/04\/logo-IF-color_BD_50-v4.png","width":816,"height":809,"caption":"If, Cabinet de Coaching et Conseil en ressources humaines"},"image":{"@id":"https:\/\/ifconseil.com\/#\/schema\/logo\/image\/"}},{"@type":"Person","@id":"https:\/\/ifconseil.com\/#\/schema\/person\/33edf149852e9c4e0b9412975446826f","name":"ifconseil","image":{"@type":"ImageObject","inLanguage":"en-US","@id":"https:\/\/ifconseil.com\/#\/schema\/person\/image\/","url":"https:\/\/secure.gravatar.com\/avatar\/8c0f5dbccac6c3d4350dae3fbdcc5adc04e9bdfc09973ca0076715390599fc11?s=96&d=mm&r=g","contentUrl":"https:\/\/secure.gravatar.com\/avatar\/8c0f5dbccac6c3d4350dae3fbdcc5adc04e9bdfc09973ca0076715390599fc11?s=96&d=mm&r=g","caption":"ifconseil"},"sameAs":["https:\/\/ifconseil.com"],"url":"https:\/\/ifconseil.com\/en\/author\/admin\/"}]}},"_links":{"self":[{"href":"https:\/\/ifconseil.com\/en\/wp-json\/wp\/v2\/posts\/2431","targetHints":{"allow":["GET"]}}],"collection":[{"href":"https:\/\/ifconseil.com\/en\/wp-json\/wp\/v2\/posts"}],"about":[{"href":"https:\/\/ifconseil.com\/en\/wp-json\/wp\/v2\/types\/post"}],"author":[{"embeddable":true,"href":"https:\/\/ifconseil.com\/en\/wp-json\/wp\/v2\/users\/1"}],"replies":[{"embeddable":true,"href":"https:\/\/ifconseil.com\/en\/wp-json\/wp\/v2\/comments?post=2431"}],"version-history":[{"count":17,"href":"https:\/\/ifconseil.com\/en\/wp-json\/wp\/v2\/posts\/2431\/revisions"}],"predecessor-version":[{"id":2452,"href":"https:\/\/ifconseil.com\/en\/wp-json\/wp\/v2\/posts\/2431\/revisions\/2452"}],"wp:featuredmedia":[{"embeddable":true,"href":"https:\/\/ifconseil.com\/en\/wp-json\/wp\/v2\/media\/2432"}],"wp:attachment":[{"href":"https:\/\/ifconseil.com\/en\/wp-json\/wp\/v2\/media?parent=2431"}],"wp:term":[{"taxonomy":"category","embeddable":true,"href":"https:\/\/ifconseil.com\/en\/wp-json\/wp\/v2\/categories?post=2431"},{"taxonomy":"post_tag","embeddable":true,"href":"https:\/\/ifconseil.com\/en\/wp-json\/wp\/v2\/tags?post=2431"}],"curies":[{"name":"wp","href":"https:\/\/api.w.org\/{rel}","templated":true}]}}